{"id":9731,"date":"2020-06-02T10:23:26","date_gmt":"2020-06-02T14:23:26","guid":{"rendered":"https:\/\/www.bbbso.ca\/non-classifiee\/declaration-de-grands-freres-grandes-soeurs-sur-lantiracisme\/"},"modified":"2024-05-24T17:14:38","modified_gmt":"2024-05-24T21:14:38","slug":"declaration-de-grands-freres-grandes-soeurs-sur-lantiracisme","status":"publish","type":"post","link":"https:\/\/www.bbbso.ca\/fr\/declaration-de-grands-freres-grandes-soeurs-sur-lantiracisme\/","title":{"rendered":"D\u00e9claration de Grands Fr\u00e8res Grandes Soeurs sur l\u2019antiracisme"},"content":{"rendered":"\n<p>Grands Fr\u00e8res grandes S\u0153urs consacre ses efforts \u00e0 soutenir les relations de mentorat qui changent la vie de milliers d\u2019enfants et de jeunes partout au pays. Plusieurs des jeunes que nous servons et des mentors que nous accompagnons sont issus de communaut\u00e9s du Canada qui sont et ont \u00e9t\u00e9 touch\u00e9es par le racisme anti-Noirs et anti-Autochtones et les vestiges du colonialisme.<\/p>\n\n<p>En tant qu&#8217;organisme vou\u00e9 \u00e0 l&#8217;\u00e9tablissement de liens avec les jeunes favorisant leur d\u00e9veloppement, nous ne devons pas rester silencieux face aux trag\u00e9dies qui ont notamment touch\u00e9 Regis Korchinski-Paquet \u00e0 Toronto et George Floyd \u00e0 Minneapolis, au Minnesota. Leur mort a mis en lumi\u00e8re les injustices raciales auxquelles sont confront\u00e9es les personnes de couleur en Am\u00e9rique et ici-m\u00eame au Canada. Apr\u00e8s plusieurs ann\u00e9es \u00e0 souffrir de ces injustices, la mort de ces deux personnes a d\u00e9clench\u00e9 une vague de manifestations \u00e0 l\u2019\u00e9chelle du pays en solidarit\u00e9 avec les victimes actuelles et pass\u00e9es, et appelant \u00e0 plus de justice au sein d\u2019un syst\u00e8me qui, jusqu\u2019\u00e0 maintenant, en a cruellement manqu\u00e9.<\/p>\n\n<p>Nous reconnaissons que ces injustices raciales historiques et actuelles touchent profond\u00e9ment les communaut\u00e9s que nous servons et la vie des enfants et des jeunes qui font face \u00e0 de nombreuses barri\u00e8res et difficult\u00e9s soci\u00e9tales. Nous reconnaissons que nos communaut\u00e9s se soutiennent les unes et les autres et se montrent solidaires, m\u00eame en pleine pand\u00e9mie mondiale.<\/p>\n\n<p>Comme l&#8217;a d\u00e9clar\u00e9 Dre Weiston-Serdan, dans son livre \u00ab Critical Mentoring : A Practical Guide \u00bb : les organismes de mentorat doivent intensifier leur action en lan\u00e7ant un effort de plaidoyer syst\u00e9mique cr\u00e9\u00e9 dans une optique d\u2019\u00e9quit\u00e9, de diversit\u00e9 et d\u2019inclusion reconnaissant que les approches neutres au plan racial n\u2019arriveront jamais \u00e0 r\u00e9duire les in\u00e9galit\u00e9s raciales (traduction libre). <\/p>\n\n<p>Nous r\u00e9affirmons par la pr\u00e9sente notre engagement envers la lutte contre le racisme et l\u2019am\u00e9lioration de la vie des enfants et des jeunes, en particulier ceux issus des communaut\u00e9s autochtones, de nouveaux arrivants, d\u2019immigrants et de r\u00e9fugi\u00e9s, ainsi que des communaut\u00e9s noires, africaines et racialis\u00e9es. Nous sommes #PlusGrandsEnsemble.<\/p>\n\n<p> <\/p>\n","protected":false},"excerpt":{"rendered":"<p>Grands Fr\u00e8res grandes S\u0153urs consacre ses efforts \u00e0 soutenir les relations de mentorat qui changent la vie de milliers d\u2019enfants et de jeunes partout au pays. Plusieurs des jeunes que nous servons et des mentors que nous accompagnons sont issus de communaut\u00e9s du Canada qui sont et ont \u00e9t\u00e9 touch\u00e9es par le racisme anti-Noirs et [&hellip;]<\/p>\n","protected":false},"author":1,"featured_media":0,"comment_status":"closed","ping_status":"closed","sticky":false,"template":"","format":"standard","meta":{"_et_pb_use_builder":"","_et_pb_old_content":"","_et_gb_content_width":"","_coblocks_attr":"","_coblocks_dimensions":"","_coblocks_responsive_height":"","_coblocks_accordion_ie_support":"","_monsterinsights_skip_tracking":false,"_monsterinsights_sitenote_active":false,"_monsterinsights_sitenote_note":"","_monsterinsights_sitenote_category":0,"footnotes":""},"categories":[57],"tags":[],"class_list":["post-9731","post","type-post","status-publish","format-standard","hentry","category-actualites"],"aioseo_notices":[],"_links":{"self":[{"href":"https:\/\/www.bbbso.ca\/fr\/wp-json\/wp\/v2\/posts\/9731","targetHints":{"allow":["GET"]}}],"collection":[{"href":"https:\/\/www.bbbso.ca\/fr\/wp-json\/wp\/v2\/posts"}],"about":[{"href":"https:\/\/www.bbbso.ca\/fr\/wp-json\/wp\/v2\/types\/post"}],"author":[{"embeddable":true,"href":"https:\/\/www.bbbso.ca\/fr\/wp-json\/wp\/v2\/users\/1"}],"replies":[{"embeddable":true,"href":"https:\/\/www.bbbso.ca\/fr\/wp-json\/wp\/v2\/comments?post=9731"}],"version-history":[{"count":1,"href":"https:\/\/www.bbbso.ca\/fr\/wp-json\/wp\/v2\/posts\/9731\/revisions"}],"predecessor-version":[{"id":9732,"href":"https:\/\/www.bbbso.ca\/fr\/wp-json\/wp\/v2\/posts\/9731\/revisions\/9732"}],"wp:attachment":[{"href":"https:\/\/www.bbbso.ca\/fr\/wp-json\/wp\/v2\/media?parent=9731"}],"wp:term":[{"taxonomy":"category","embeddable":true,"href":"https:\/\/www.bbbso.ca\/fr\/wp-json\/wp\/v2\/categories?post=9731"},{"taxonomy":"post_tag","embeddable":true,"href":"https:\/\/www.bbbso.ca\/fr\/wp-json\/wp\/v2\/tags?post=9731"}],"curies":[{"name":"wp","href":"https:\/\/api.w.org\/{rel}","templated":true}]}}